{"id":9211,"date":"2025-04-16T17:37:21","date_gmt":"2025-04-16T17:37:21","guid":{"rendered":"https:\/\/www.tennis-ids.com\/?p=9211"},"modified":"2025-04-09T17:46:00","modified_gmt":"2025-04-09T17:46:00","slug":"saison-estivale-2025","status":"publish","type":"post","link":"https:\/\/www.tennis-ids.com\/en\/saison-estivale-2025\/","title":{"rendered":"Saison estivale 2025"},"content":{"rendered":"<div data-elementor-type=\"wp-post\" data-elementor-id=\"9211\" class=\"elementor elementor-9211\">\n\t\t\t\t\t\t<section class=\"elementor-section elementor-top-section elementor-element elementor-element-f604967 elementor-section-boxed elementor-section-height-default elementor-section-height-default\" data-id=\"f604967\" data-element_type=\"section\" data-e-type=\"section\">\n\t\t\t\t\t\t<div class=\"elementor-container elementor-column-gap-default\">\n\t\t\t\t\t<div class=\"elementor-column elementor-col-100 elementor-top-column elementor-element elementor-element-1d4c83a\" data-id=\"1d4c83a\" data-element_type=\"column\" data-e-type=\"column\">\n\t\t\t<div class=\"elementor-widget-wrap elementor-element-populated\">\n\t\t\t\t\t\t<div class=\"elementor-element elementor-element-17a21b5 elementor-widget elementor-widget-text-editor\" data-id=\"17a21b5\" data-element_type=\"widget\" data-e-type=\"widget\" data-widget_type=\"text-editor.default\">\n\t\t\t\t<div class=\"elementor-widget-container\">\n\t\t\t\t\t\t\t\t\t<p><strong>**English will follow**<\/strong><\/p><p><strong>SAISON ESTIVALE &#8211; DU 1er JUIN AU 31 AO\u00dbT 2025<\/strong><\/p><p>Toujours des conditions optimales avec l\u2019air conditionn\u00e9<br \/>sur tous les terrains et dans le Gym Espace Forme!<\/p><p><strong>ABONNEMENTS<\/strong><\/p><p>\u00c0 partir du 1er juin 2025, <strong>tous les types d&rsquo;abonnements seront honor\u00e9s en tout temps<\/strong> jusqu\u2019au 31 ao\u00fbt 2025 inclus.<\/p><p style=\"text-align: center;\"><u><strong>HEURES D&rsquo;OUVERTURE<\/strong><\/u><\/p><p style=\"text-align: center;\"><strong>Du 1er juin au 31 ao\u00fbt inclusivement<\/strong><br \/>Lundi au vendredi\u00a0: 7h \u00e0 22h<br \/>Samedi et dimanche\u00a0: 8h \u00e0 15h<\/p><p><strong>FORFAIT FRAIS DE TERRAIN ILLIMIT\u00c9*<\/strong><\/p><p>As <strong>membre annuel<\/strong>, vous avez le privil\u00e8ge d\u2019acheter notre <em>Forfait\u00a0de frais de terrain illimit\u00e9<\/em>\u00a0au prix de <strong>390 $\u00a0+ taxes<\/strong>. Ce forfait vous donne un acc\u00e8s illimit\u00e9 \u00e0 nos\u00a0terrains. Des r\u00e9ductions pour nos membres <em>VIP<\/em>, <em>PRESTIGE <\/em>et <em>JUNIOR (-18 ans)<\/em> sont applicables.<\/p><p>Ce forfait est valable du 1er juin au 31 ao\u00fbt 2025 inclusivement et n&rsquo;inclut pas les frais d&rsquo;activit\u00e9s. Aucun prorata ne sera fait s\u2019il est achet\u00e9 en cours d\u2019\u00e9t\u00e9 et aucun remboursement de terrain pay\u00e9 \u00e0 l\u2019unit\u00e9 ne sera possible si acquis par la suite. Valable pour les membres ayant un abonnement annuel seulement.<\/p><p><strong>FRAIS DE TERRAIN (plus taxes)<\/strong><\/p>\t\t\t\t\t\t\t\t<\/div>\n\t\t\t\t<\/div>\n\t\t\t\t\t<\/div>\n\t\t<\/div>\n\t\t\t\t\t<\/div>\n\t\t<\/section>\n\t\t\t\t<section class=\"elementor-section elementor-top-section elementor-element elementor-element-ff74e49 elementor-section-boxed elementor-section-height-default elementor-section-height-default\" data-id=\"ff74e49\" data-element_type=\"section\" data-e-type=\"section\">\n\t\t\t\t\t\t<div class=\"elementor-container elementor-column-gap-default\">\n\t\t\t\t\t<div class=\"elementor-column elementor-col-100 elementor-top-column elementor-element elementor-element-4342d15\" data-id=\"4342d15\" data-element_type=\"column\" data-e-type=\"column\">\n\t\t\t<div class=\"elementor-widget-wrap elementor-element-populated\">\n\t\t\t\t\t\t<div class=\"elementor-element elementor-element-94ac8b3 elementor-widget elementor-widget-image\" data-id=\"94ac8b3\" data-element_type=\"widget\" data-e-type=\"widget\" data-widget_type=\"image.default\">\n\t\t\t\t<div class=\"elementor-widget-container\">\n\t\t\t\t\t\t\t\t\t\t\t\t\t\t\t<img decoding=\"async\" width=\"498\" height=\"91\" src=\"https:\/\/www.tennis-ids.com\/wp-content\/uploads\/2025\/04\/TarifFR.png\" class=\"attachment-large size-large wp-image-9182 no-lazy\" alt=\"\" srcset=\"https:\/\/www.tennis-ids.com\/wp-content\/uploads\/2025\/04\/TarifFR.png 498w, https:\/\/www.tennis-ids.com\/wp-content\/uploads\/2025\/04\/TarifFR-300x55.png 300w, https:\/\/www.tennis-ids.com\/wp-content\/uploads\/2025\/04\/TarifFR-18x3.png 18w\" sizes=\"(max-width: 498px) 100vw, 498px\" \/>\t\t\t\t\t\t\t\t\t\t\t\t\t\t\t<\/div>\n\t\t\t\t<\/div>\n\t\t\t\t\t<\/div>\n\t\t<\/div>\n\t\t\t\t\t<\/div>\n\t\t<\/section>\n\t\t\t\t<section class=\"elementor-section elementor-top-section elementor-element elementor-element-a22d7db elementor-section-boxed elementor-section-height-default elementor-section-height-default\" data-id=\"a22d7db\" data-element_type=\"section\" data-e-type=\"section\">\n\t\t\t\t\t\t<div class=\"elementor-container elementor-column-gap-default\">\n\t\t\t\t\t<div class=\"elementor-column elementor-col-100 elementor-top-column elementor-element elementor-element-39601de\" data-id=\"39601de\" data-element_type=\"column\" data-e-type=\"column\">\n\t\t\t<div class=\"elementor-widget-wrap elementor-element-populated\">\n\t\t\t\t\t\t<div class=\"elementor-element elementor-element-88cad34 elementor-widget elementor-widget-text-editor\" data-id=\"88cad34\" data-element_type=\"widget\" data-e-type=\"widget\" data-widget_type=\"text-editor.default\">\n\t\t\t\t<div class=\"elementor-widget-container\">\n\t\t\t\t\t\t\t\t\t<p>La gratuit\u00e9 de la derni\u00e8re demi-heure ne s&rsquo;applique pas pendant la p\u00e9riode d&rsquo;\u00e9t\u00e9. La politique d\u2019annulation de 24h d\u2019avance reste en vigueur pendant tout l\u2019\u00e9t\u00e9. Si vous b\u00e9n\u00e9ficiez du forfait de frais de terrain, toute annulation tardive sera factur\u00e9e au prix du terrain. Vous pouvez r\u00e9server votre terrain jusqu\u2019\u00e0 7 jours d\u2019avance en ligne ou en contactant la r\u00e9ception du Club.<\/p><p><br \/><strong>LE\u00c7ONS<\/strong><\/p><p>Tarification estivale en vigueur. Veuillez consulter votre pro pour plus d&rsquo;information.<\/p><p><br \/><strong>ACTIVIT\u00c9S<\/strong><\/p><p>La\u00a0nouvelle grille d&rsquo;activit\u00e9s tennis\u00a0sera en vigueur du 9 juin au 31 ao\u00fbt inclusivement. Inscription via votre portail du Club jusqu&rsquo;\u00e0 7 jours d&rsquo;avance \u00e0 midi. Politique d&rsquo;annulation 24 heures. Pour toute question, veuillez contacter Firas Molhem au <a href=\"mailto:activite@tennis-ids.com\" data-emb-href-display=\"activite@tennis-ids.com\" data-cke-saved-href=\"mailto:activite@tennis-ids.com\">activite@tennis-ids.com<\/a>.<\/p>\t\t\t\t\t\t\t\t<\/div>\n\t\t\t\t<\/div>\n\t\t\t\t\t<\/div>\n\t\t<\/div>\n\t\t\t\t\t<\/div>\n\t\t<\/section>\n\t\t\t\t<section class=\"elementor-section elementor-top-section elementor-element elementor-element-c0f38b8 elementor-section-boxed elementor-section-height-default elementor-section-height-default\" data-id=\"c0f38b8\" data-element_type=\"section\" data-e-type=\"section\">\n\t\t\t\t\t\t<div class=\"elementor-container elementor-column-gap-default\">\n\t\t\t\t\t<div class=\"elementor-column elementor-col-100 elementor-top-column elementor-element elementor-element-5bdb722\" data-id=\"5bdb722\" data-element_type=\"column\" data-e-type=\"column\">\n\t\t\t<div class=\"elementor-widget-wrap elementor-element-populated\">\n\t\t\t\t\t\t<div class=\"elementor-element elementor-element-c09a045 elementor-align-center elementor-widget elementor-widget-button\" data-id=\"c09a045\" data-element_type=\"widget\" data-e-type=\"widget\" data-widget_type=\"button.default\">\n\t\t\t\t<div class=\"elementor-widget-container\">\n\t\t\t\t\t\t\t\t\t<div class=\"elementor-button-wrapper\">\n\t\t\t\t\t<a class=\"elementor-button elementor-button-link elementor-size-sm\" href=\"https:\/\/www.tennis-ids.com\/wp-content\/uploads\/2025\/04\/Grille-tennis-ete-2025-FR.pdf\">\n\t\t\t\t\t\t<span class=\"elementor-button-content-wrapper\">\n\t\t\t\t\t\t\t\t\t<span class=\"elementor-button-text\">Grille d'activit\u00e9s tennis<\/span>\n\t\t\t\t\t<\/span>\n\t\t\t\t\t<\/a>\n\t\t\t\t<\/div>\n\t\t\t\t\t\t\t\t<\/div>\n\t\t\t\t<\/div>\n\t\t\t\t\t<\/div>\n\t\t<\/div>\n\t\t\t\t\t<\/div>\n\t\t<\/section>\n\t\t\t\t<section class=\"elementor-section elementor-top-section elementor-element elementor-element-bd09c71 elementor-section-boxed elementor-section-height-default elementor-section-height-default\" data-id=\"bd09c71\" data-element_type=\"section\" data-e-type=\"section\">\n\t\t\t\t\t\t<div class=\"elementor-container elementor-column-gap-default\">\n\t\t\t\t\t<div class=\"elementor-column elementor-col-100 elementor-top-column elementor-element elementor-element-6656d43\" data-id=\"6656d43\" data-element_type=\"column\" data-e-type=\"column\">\n\t\t\t<div class=\"elementor-widget-wrap elementor-element-populated\">\n\t\t\t\t\t\t<div class=\"elementor-element elementor-element-9358594 elementor-widget elementor-widget-text-editor\" data-id=\"9358594\" data-element_type=\"widget\" data-e-type=\"widget\" data-widget_type=\"text-editor.default\">\n\t\t\t\t<div class=\"elementor-widget-container\">\n\t\t\t\t\t\t\t\t\t<p><strong>GYM ESPACE FORME<\/strong><\/p><p>Notre nouvelle grille de cours de groupe sera en vigueur du 1er juin au 31 ao\u00fbt inclusivement. Pour toute question, veuillez contacter Lysandre Pauz\u00e9 au\u00a0<a href=\"mailto:lpauze@tennis-ids.com\" data-emb-href-display=\"lpauze@tennis-ids.com\" data-cke-saved-href=\"mailto:lpauze@tennis-ids.com\">lpauze@tennis-ids.com<\/a>.<\/p>\t\t\t\t\t\t\t\t<\/div>\n\t\t\t\t<\/div>\n\t\t\t\t\t<\/div>\n\t\t<\/div>\n\t\t\t\t\t<\/div>\n\t\t<\/section>\n\t\t\t\t<section class=\"elementor-section elementor-top-section elementor-element elementor-element-9b847d2 elementor-section-boxed elementor-section-height-default elementor-section-height-default\" data-id=\"9b847d2\" data-element_type=\"section\" data-e-type=\"section\">\n\t\t\t\t\t\t<div class=\"elementor-container elementor-column-gap-default\">\n\t\t\t\t\t<div class=\"elementor-column elementor-col-100 elementor-top-column elementor-element elementor-element-56dba4f\" data-id=\"56dba4f\" data-element_type=\"column\" data-e-type=\"column\">\n\t\t\t<div class=\"elementor-widget-wrap elementor-element-populated\">\n\t\t\t\t\t\t<div class=\"elementor-element elementor-element-45c4e31 elementor-align-center elementor-widget elementor-widget-button\" data-id=\"45c4e31\" data-element_type=\"widget\" data-e-type=\"widget\" data-widget_type=\"button.default\">\n\t\t\t\t<div class=\"elementor-widget-container\">\n\t\t\t\t\t\t\t\t\t<div class=\"elementor-button-wrapper\">\n\t\t\t\t\t<a class=\"elementor-button elementor-button-link elementor-size-sm\" href=\"https:\/\/www.tennis-ids.com\/wp-content\/uploads\/2025\/04\/Grille-gym-ete-2025-FR.pdf\">\n\t\t\t\t\t\t<span class=\"elementor-button-content-wrapper\">\n\t\t\t\t\t\t\t\t\t<span class=\"elementor-button-text\">Grille d'activit\u00e9s gym<\/span>\n\t\t\t\t\t<\/span>\n\t\t\t\t\t<\/a>\n\t\t\t\t<\/div>\n\t\t\t\t\t\t\t\t<\/div>\n\t\t\t\t<\/div>\n\t\t\t\t\t<\/div>\n\t\t<\/div>\n\t\t\t\t\t<\/div>\n\t\t<\/section>\n\t\t\t\t<section class=\"elementor-section elementor-top-section elementor-element elementor-element-03047e1 elementor-section-boxed elementor-section-height-default elementor-section-height-default\" data-id=\"03047e1\" data-element_type=\"section\" data-e-type=\"section\">\n\t\t\t\t\t\t<div class=\"elementor-container elementor-column-gap-default\">\n\t\t\t\t\t<div class=\"elementor-column elementor-col-100 elementor-top-column elementor-element elementor-element-4d829bb\" data-id=\"4d829bb\" data-element_type=\"column\" data-e-type=\"column\">\n\t\t\t<div class=\"elementor-widget-wrap elementor-element-populated\">\n\t\t\t\t\t\t<div class=\"elementor-element elementor-element-7f18e3a elementor-widget elementor-widget-text-editor\" data-id=\"7f18e3a\" data-element_type=\"widget\" data-e-type=\"widget\" data-widget_type=\"text-editor.default\">\n\t\t\t\t<div class=\"elementor-widget-container\">\n\t\t\t\t\t\t\t\t\t<p><strong>ABONNEMENT ESTIVAL POUR NON-MEMBRES***<\/strong><\/p><p>Avez-vous des amis <strong>non-membres<\/strong>? Notre traditionnel Abonnement estival est de retour!<\/p><p><strong>310$ + taxes (plus frais de terrain en formule Club)<\/strong><\/p><p>Cet abonnement est valable du 1er juin au 31 ao\u00fbt 2025 inclusivement.<\/p><p><em>***Taxes et frais de terrain en sus.\u00a0Cet abonnement ne donne pas acc\u00e8s au forfait de frais de terrain illimit\u00e9, ne peut pas \u00eatre achet\u00e9 au prorata des mois, et ne donne pas acc\u00e8s au Gym Espace Forme.<\/em><\/p><p><br \/><strong>FRAIS D&rsquo;INVIT\u00c9<\/strong><\/p><p>Souhaitez-vous inviter un joueur non-membre?<\/p><p>&#8211;\u00a0 \u00a0Frais d\u2019invit\u00e9 : 20$ + taxes (frais de terrain en sus)<br \/>&#8211;\u00a0 \u00a0Possibilit\u00e9 de jouer un maximum de 3 fois dans l\u2019ann\u00e9e courante<\/p><p>Nous vous souhaitons un bel \u00e9t\u00e9!<\/p>\t\t\t\t\t\t\t\t<\/div>\n\t\t\t\t<\/div>\n\t\t\t\t\t<\/div>\n\t\t<\/div>\n\t\t\t\t\t<\/div>\n\t\t<\/section>\n\t\t\t\t<section class=\"elementor-section elementor-top-section elementor-element elementor-element-da66ecc elementor-section-boxed elementor-section-height-default elementor-section-height-default\" data-id=\"da66ecc\" data-element_type=\"section\" data-e-type=\"section\">\n\t\t\t\t\t\t<div class=\"elementor-container elementor-column-gap-default\">\n\t\t\t\t\t<div class=\"elementor-column elementor-col-100 elementor-top-column elementor-element elementor-element-a78d100\" data-id=\"a78d100\" data-element_type=\"column\" data-e-type=\"column\">\n\t\t\t<div class=\"elementor-widget-wrap elementor-element-populated\">\n\t\t\t\t\t\t<div class=\"elementor-element elementor-element-b091bd2 elementor-widget-divider--view-line elementor-widget elementor-widget-divider\" data-id=\"b091bd2\" data-element_type=\"widget\" data-e-type=\"widget\" data-widget_type=\"divider.default\">\n\t\t\t\t<div class=\"elementor-widget-container\">\n\t\t\t\t\t\t\t<div class=\"elementor-divider\">\n\t\t\t<span class=\"elementor-divider-separator\">\n\t\t\t\t\t\t<\/span>\n\t\t<\/div>\n\t\t\t\t\t\t<\/div>\n\t\t\t\t<\/div>\n\t\t\t\t\t<\/div>\n\t\t<\/div>\n\t\t\t\t\t<\/div>\n\t\t<\/section>\n\t\t\t\t<section class=\"elementor-section elementor-top-section elementor-element elementor-element-6c07990 elementor-section-boxed elementor-section-height-default elementor-section-height-default\" data-id=\"6c07990\" data-element_type=\"section\" data-e-type=\"section\">\n\t\t\t\t\t\t<div class=\"elementor-container elementor-column-gap-default\">\n\t\t\t\t\t<div class=\"elementor-column elementor-col-100 elementor-top-column elementor-element elementor-element-cce95e2\" data-id=\"cce95e2\" data-element_type=\"column\" data-e-type=\"column\">\n\t\t\t<div class=\"elementor-widget-wrap elementor-element-populated\">\n\t\t\t\t\t\t<div class=\"elementor-element elementor-element-2c1d9c1 elementor-widget elementor-widget-text-editor\" data-id=\"2c1d9c1\" data-element_type=\"widget\" data-e-type=\"widget\" data-widget_type=\"text-editor.default\">\n\t\t\t\t<div class=\"elementor-widget-container\">\n\t\t\t\t\t\t\t\t\t<p><strong>SUMMER SEASON &#8211; JUNE 1st TO AUGUST 31st, 2025<\/strong><\/p><p>Enjoy great court conditions all summer long with AC<br \/>on all of our courts, and in our Gym Espace Forme!<\/p><p><strong>MEMBERSHIPS<\/strong><\/p><p>As of June 1st, 2025, <strong>all membership types will be honored at all times<\/strong> until August 31<sup>st<\/sup>, 2025 inclusively.<\/p><p style=\"text-align: center;\"><u><strong>OPENING HOURS<\/strong><\/u><\/p><p><strong>From June 1st to<\/strong><strong>\u00a0<\/strong><strong>August 31st inclusively <\/strong><br \/>Monday through Friday: 7 am to 10 pm<br \/>Saturday and Sunday: 8 am to 3 pm<\/p><p><strong>UNLIMITED COURT FEE PACKAGE*<\/strong><\/p><p>As a yearly member, you have the privilege to purchase an unlimited court time fee package for <strong>$390 + taxes<\/strong>. This package will give you unlimited access to our tennis courts. Reductions for our <em>VIP<\/em>, <em>PRESTIGE <\/em>and <em>JUNIOR (-18 years old)<\/em> members apply.<\/p><p>This package is valid from June 1st to August 31st, 2025 inclusively and does not include the activities fees. No pro-rata will be applied if the package is purchased during the summer, and no court fees paid prior to the purchase of the package will be refunded. Valid only for members with an annual membership.<\/p><p><strong>COURT FEES (plus taxes)<\/strong><\/p>\t\t\t\t\t\t\t\t<\/div>\n\t\t\t\t<\/div>\n\t\t\t\t\t<\/div>\n\t\t<\/div>\n\t\t\t\t\t<\/div>\n\t\t<\/section>\n\t\t\t\t<section class=\"elementor-section elementor-top-section elementor-element elementor-element-9c64c6e elementor-section-boxed elementor-section-height-default elementor-section-height-default\" data-id=\"9c64c6e\" data-element_type=\"section\" data-e-type=\"section\">\n\t\t\t\t\t\t<div class=\"elementor-container elementor-column-gap-default\">\n\t\t\t\t\t<div class=\"elementor-column elementor-col-100 elementor-top-column elementor-element elementor-element-4ff66ff\" data-id=\"4ff66ff\" data-element_type=\"column\" data-e-type=\"column\">\n\t\t\t<div class=\"elementor-widget-wrap elementor-element-populated\">\n\t\t\t\t\t\t<div class=\"elementor-element elementor-element-62152ba elementor-widget elementor-widget-image\" data-id=\"62152ba\" data-element_type=\"widget\" data-e-type=\"widget\" data-widget_type=\"image.default\">\n\t\t\t\t<div class=\"elementor-widget-container\">\n\t\t\t\t\t\t\t\t\t\t\t\t\t\t\t<img decoding=\"async\" width=\"499\" height=\"90\" src=\"https:\/\/www.tennis-ids.com\/wp-content\/uploads\/2025\/04\/TarifEN.png\" class=\"attachment-large size-large wp-image-9183 no-lazy\" alt=\"\" srcset=\"https:\/\/www.tennis-ids.com\/wp-content\/uploads\/2025\/04\/TarifEN.png 499w, https:\/\/www.tennis-ids.com\/wp-content\/uploads\/2025\/04\/TarifEN-300x54.png 300w, https:\/\/www.tennis-ids.com\/wp-content\/uploads\/2025\/04\/TarifEN-18x3.png 18w\" sizes=\"(max-width: 499px) 100vw, 499px\" \/>\t\t\t\t\t\t\t\t\t\t\t\t\t\t\t<\/div>\n\t\t\t\t<\/div>\n\t\t\t\t\t<\/div>\n\t\t<\/div>\n\t\t\t\t\t<\/div>\n\t\t<\/section>\n\t\t\t\t<section class=\"elementor-section elementor-top-section elementor-element elementor-element-60358da elementor-section-boxed elementor-section-height-default elementor-section-height-default\" data-id=\"60358da\" data-element_type=\"section\" data-e-type=\"section\">\n\t\t\t\t\t\t<div class=\"elementor-container elementor-column-gap-default\">\n\t\t\t\t\t<div class=\"elementor-column elementor-col-100 elementor-top-column elementor-element elementor-element-a0934b5\" data-id=\"a0934b5\" data-element_type=\"column\" data-e-type=\"column\">\n\t\t\t<div class=\"elementor-widget-wrap elementor-element-populated\">\n\t\t\t\t\t\t<div class=\"elementor-element elementor-element-f6b455b elementor-widget elementor-widget-text-editor\" data-id=\"f6b455b\" data-element_type=\"widget\" data-e-type=\"widget\" data-widget_type=\"text-editor.default\">\n\t\t\t\t<div class=\"elementor-widget-container\">\n\t\t\t\t\t\t\t\t\t<p>During the summer season, the last half-hour gratuity\u00a0rate does not apply. Our 24-hour cancellation policy remains throughout the summer season and also applies to all members who benefit from our unlimited court fee package. In case of a cancellation, the full court fee amount will be charged. You may book your court up to 7 days in advance online or by calling our front desk.<\/p><p><br \/><strong>LESSONS<\/strong><\/p><p>Summer rates in effect. Please contact your pro for more information.<\/p><p><strong>ACTIVITIES<\/strong><\/p><p>The new tennis activity grid will be in effect from June 9 to August 31 inclusively. Registration via your Club portal up to 7 days in advance at noon. 24-hour cancellation policy. If you have any questions, please contact Firas Molhem at <a href=\"mailto:activite@tennis-ids.com\" data-emb-href-display=\"activite@tennis-ids.com\" data-cke-saved-href=\"mailto:activite@tennis-ids.com\">activite@tennis-ids.com<\/a>.<\/p>\t\t\t\t\t\t\t\t<\/div>\n\t\t\t\t<\/div>\n\t\t\t\t\t<\/div>\n\t\t<\/div>\n\t\t\t\t\t<\/div>\n\t\t<\/section>\n\t\t\t\t<section class=\"elementor-section elementor-top-section elementor-element elementor-element-d802bd2 elementor-section-boxed elementor-section-height-default elementor-section-height-default\" data-id=\"d802bd2\" data-element_type=\"section\" data-e-type=\"section\">\n\t\t\t\t\t\t<div class=\"elementor-container elementor-column-gap-default\">\n\t\t\t\t\t<div class=\"elementor-column elementor-col-100 elementor-top-column elementor-element elementor-element-0cb0a41\" data-id=\"0cb0a41\" data-element_type=\"column\" data-e-type=\"column\">\n\t\t\t<div class=\"elementor-widget-wrap elementor-element-populated\">\n\t\t\t\t\t\t<div class=\"elementor-element elementor-element-6edebe7 elementor-align-center elementor-widget elementor-widget-button\" data-id=\"6edebe7\" data-element_type=\"widget\" data-e-type=\"widget\" data-widget_type=\"button.default\">\n\t\t\t\t<div class=\"elementor-widget-container\">\n\t\t\t\t\t\t\t\t\t<div class=\"elementor-button-wrapper\">\n\t\t\t\t\t<a class=\"elementor-button elementor-button-link elementor-size-sm\" href=\"https:\/\/www.tennis-ids.com\/wp-content\/uploads\/2025\/04\/Grille-tennis-ete-2025-EN.pdf\">\n\t\t\t\t\t\t<span class=\"elementor-button-content-wrapper\">\n\t\t\t\t\t\t\t\t\t<span class=\"elementor-button-text\">Summer tennis activities grid<\/span>\n\t\t\t\t\t<\/span>\n\t\t\t\t\t<\/a>\n\t\t\t\t<\/div>\n\t\t\t\t\t\t\t\t<\/div>\n\t\t\t\t<\/div>\n\t\t\t\t\t<\/div>\n\t\t<\/div>\n\t\t\t\t\t<\/div>\n\t\t<\/section>\n\t\t\t\t<section class=\"elementor-section elementor-top-section elementor-element elementor-element-013567d elementor-section-boxed elementor-section-height-default elementor-section-height-default\" data-id=\"013567d\" data-element_type=\"section\" data-e-type=\"section\">\n\t\t\t\t\t\t<div class=\"elementor-container elementor-column-gap-default\">\n\t\t\t\t\t<div class=\"elementor-column elementor-col-100 elementor-top-column elementor-element elementor-element-8228c3d\" data-id=\"8228c3d\" data-element_type=\"column\" data-e-type=\"column\">\n\t\t\t<div class=\"elementor-widget-wrap elementor-element-populated\">\n\t\t\t\t\t\t<div class=\"elementor-element elementor-element-874a0af elementor-widget elementor-widget-text-editor\" data-id=\"874a0af\" data-element_type=\"widget\" data-e-type=\"widget\" data-widget_type=\"text-editor.default\">\n\t\t\t\t<div class=\"elementor-widget-container\">\n\t\t\t\t\t\t\t\t\t<p><strong>ESPACE FORME GYM<\/strong><\/p><p>Our summer group classes schedule\u00a0will be in effect from June 1 to August 31 inclusively. Don&rsquo;t hesitate to get in touch with Lysandre Pauz\u00e9 at <a href=\"mailto:lpauze@tennis-ids.com\" data-emb-href-display=\"lpauze@tennis-ids.com\" data-emb-iscopy=\"true\" data-cke-saved-href=\"mailto:lpauze@tennis-ids.com\">lpauze@tennis-ids.com<\/a> for any questions.<\/p>\t\t\t\t\t\t\t\t<\/div>\n\t\t\t\t<\/div>\n\t\t\t\t\t<\/div>\n\t\t<\/div>\n\t\t\t\t\t<\/div>\n\t\t<\/section>\n\t\t\t\t<section class=\"elementor-section elementor-top-section elementor-element elementor-element-681efc6 elementor-section-boxed elementor-section-height-default elementor-section-height-default\" data-id=\"681efc6\" data-element_type=\"section\" data-e-type=\"section\">\n\t\t\t\t\t\t<div class=\"elementor-container elementor-column-gap-default\">\n\t\t\t\t\t<div class=\"elementor-column elementor-col-100 elementor-top-column elementor-element elementor-element-e28daca\" data-id=\"e28daca\" data-element_type=\"column\" data-e-type=\"column\">\n\t\t\t<div class=\"elementor-widget-wrap elementor-element-populated\">\n\t\t\t\t\t\t<div class=\"elementor-element elementor-element-21f9cf2 elementor-align-center elementor-widget elementor-widget-button\" data-id=\"21f9cf2\" data-element_type=\"widget\" data-e-type=\"widget\" data-widget_type=\"button.default\">\n\t\t\t\t<div class=\"elementor-widget-container\">\n\t\t\t\t\t\t\t\t\t<div class=\"elementor-button-wrapper\">\n\t\t\t\t\t<a class=\"elementor-button elementor-button-link elementor-size-sm\" href=\"#\">\n\t\t\t\t\t\t<span class=\"elementor-button-content-wrapper\">\n\t\t\t\t\t\t\t\t\t<span class=\"elementor-button-text\">Group classes schedule<\/span>\n\t\t\t\t\t<\/span>\n\t\t\t\t\t<\/a>\n\t\t\t\t<\/div>\n\t\t\t\t\t\t\t\t<\/div>\n\t\t\t\t<\/div>\n\t\t\t\t\t<\/div>\n\t\t<\/div>\n\t\t\t\t\t<\/div>\n\t\t<\/section>\n\t\t\t\t<section class=\"elementor-section elementor-top-section elementor-element elementor-element-929dbcc elementor-section-boxed elementor-section-height-default elementor-section-height-default\" data-id=\"929dbcc\" data-element_type=\"section\" data-e-type=\"section\">\n\t\t\t\t\t\t<div class=\"elementor-container elementor-column-gap-default\">\n\t\t\t\t\t<div class=\"elementor-column elementor-col-100 elementor-top-column elementor-element elementor-element-2e63d67\" data-id=\"2e63d67\" data-element_type=\"column\" data-e-type=\"column\">\n\t\t\t<div class=\"elementor-widget-wrap elementor-element-populated\">\n\t\t\t\t\t\t<div class=\"elementor-element elementor-element-40030bb elementor-widget elementor-widget-text-editor\" data-id=\"40030bb\" data-element_type=\"widget\" data-e-type=\"widget\" data-widget_type=\"text-editor.default\">\n\t\t\t\t<div class=\"elementor-widget-container\">\n\t\t\t\t\t\t\t\t\t<p><strong>SUMMER MEMBERSHIP FOR NON-MEMBERS***<\/strong><\/p><p>Do you have friends as <strong>non-members<\/strong>? Our summer membership is back!<\/p><p><strong>$310 + tax and CLUB court fee <\/strong><\/p><p>This membership will be valid from June 1st to August 31st inclusively.<\/p><p><em>***Taxes and court fees extra. This membership does not give access to the unlimited court fees package, cannot be purchased on a prorated monthly basis, and does not give access to the Espace Forme Gym.<\/em><\/p><p><br \/><strong>GUEST FEES<\/strong><\/p><p>Do you wish to invite a non-member?<\/p><p>&#8211;\u00a0 \u00a0Guest Fee: 20$ + tax (court fee extra)<br \/>&#8211;\u00a0 \u00a0Possibility to play 3 times maximum during the year.<\/p><p>We wish you a great summer!<\/p>\t\t\t\t\t\t\t\t<\/div>\n\t\t\t\t<\/div>\n\t\t\t\t\t<\/div>\n\t\t<\/div>\n\t\t\t\t\t<\/div>\n\t\t<\/section>\n\t\t\t\t<\/div>","protected":false},"excerpt":{"rendered":"<p>**English will follow** SAISON ESTIVALE &#8211; DU 1er JUIN AU 31 AO\u00dbT 2025 Toujours des conditions optimales avec l\u2019air conditionn\u00e9sur tous les terrains et dans le Gym Espace Forme! ABONNEMENTS \u00c0 partir du 1er juin 2025, tous les types d&rsquo;abonnements seront honor\u00e9s en tout temps jusqu\u2019au 31 ao\u00fbt 2025 inclus. HEURES D&rsquo;OUVERTURE Du 1er juin [&hellip;]<\/p>\n","protected":false},"author":2,"featured_media":8800,"comment_status":"closed","ping_status":"closed","sticky":false,"template":"post-templates\/single-layout-6.php","format":"standard","meta":{"footnotes":""},"categories":[12,1,14,10],"tags":[],"class_list":["post-9211","post","type-post","status-publish","format-standard","has-post-thumbnail","hentry","category-adulte","category-general","category-gym","category-junior"],"yoast_head":"<!-- This site is optimized with the Yoast SEO plugin v27.0 - https:\/\/yoast.com\/product\/yoast-seo-wordpress\/ -->\n<title>Saison estivale 2025 - Club de Tennis Ile des Soeurs<\/title>\n<meta name=\"robots\" content=\"index, follow, max-snippet:-1, max-image-preview:large, max-video-preview:-1\" \/>\n<link rel=\"canonical\" href=\"https:\/\/www.tennis-ids.com\/en\/saison-estivale-2025\/\" \/>\n<meta property=\"og:locale\" content=\"en_US\" \/>\n<meta property=\"og:type\" content=\"article\" \/>\n<meta property=\"og:title\" content=\"Saison estivale 2025 - Club de Tennis Ile des Soeurs\" \/>\n<meta property=\"og:description\" content=\"**English will follow** SAISON ESTIVALE &#8211; DU 1er JUIN AU 31 AO\u00dbT 2025 Toujours des conditions optimales avec l\u2019air conditionn\u00e9sur tous les terrains et dans le Gym Espace Forme! ABONNEMENTS \u00c0 partir du 1er juin 2025, tous les types d&rsquo;abonnements seront honor\u00e9s en tout temps jusqu\u2019au 31 ao\u00fbt 2025 inclus. HEURES D&rsquo;OUVERTURE Du 1er juin [&hellip;]\" \/>\n<meta property=\"og:url\" content=\"https:\/\/www.tennis-ids.com\/en\/saison-estivale-2025\/\" \/>\n<meta property=\"og:site_name\" content=\"Club de Tennis Ile des Soeurs\" \/>\n<meta property=\"article:publisher\" content=\"https:\/\/www.facebook.com\/tennis.ids\/\" \/>\n<meta property=\"article:published_time\" content=\"2025-04-16T17:37:21+00:00\" \/>\n<meta property=\"og:image\" content=\"https:\/\/www.tennis-ids.com\/wp-content\/uploads\/2024\/10\/8M9A1433-scaled.jpg\" \/>\n\t<meta property=\"og:image:width\" content=\"2560\" \/>\n\t<meta property=\"og:image:height\" content=\"1707\" \/>\n\t<meta property=\"og:image:type\" content=\"image\/jpeg\" \/>\n<meta name=\"author\" content=\"Francis Nantel-Chaput\" \/>\n<meta name=\"twitter:card\" content=\"summary_large_image\" \/>\n<meta name=\"twitter:label1\" content=\"Written by\" \/>\n\t<meta name=\"twitter:data1\" content=\"Francis Nantel-Chaput\" \/>\n\t<meta name=\"twitter:label2\" content=\"Est. reading time\" \/>\n\t<meta name=\"twitter:data2\" content=\"4 minutes\" \/>\n<script type=\"application\/ld+json\" class=\"yoast-schema-graph\">{\"@context\":\"https:\/\/schema.org\",\"@graph\":[{\"@type\":\"Article\",\"@id\":\"https:\/\/www.tennis-ids.com\/saison-estivale-2025\/#article\",\"isPartOf\":{\"@id\":\"https:\/\/www.tennis-ids.com\/saison-estivale-2025\/\"},\"author\":{\"name\":\"Francis Nantel-Chaput\",\"@id\":\"https:\/\/www.tennis-ids.com\/#\/schema\/person\/ff71ae2f2cb19d7f0e3a02cf2af4c3e4\"},\"headline\":\"Saison estivale 2025\",\"datePublished\":\"2025-04-16T17:37:21+00:00\",\"mainEntityOfPage\":{\"@id\":\"https:\/\/www.tennis-ids.com\/saison-estivale-2025\/\"},\"wordCount\":884,\"publisher\":{\"@id\":\"https:\/\/www.tennis-ids.com\/#organization\"},\"image\":{\"@id\":\"https:\/\/www.tennis-ids.com\/saison-estivale-2025\/#primaryimage\"},\"thumbnailUrl\":\"https:\/\/www.tennis-ids.com\/wp-content\/uploads\/2024\/10\/8M9A1433-scaled.jpg\",\"articleSection\":[\"Adulte\",\"G\u00e9n\u00e9ral\",\"Gym\",\"Junior\"],\"inLanguage\":\"en-CA\"},{\"@type\":\"WebPage\",\"@id\":\"https:\/\/www.tennis-ids.com\/saison-estivale-2025\/\",\"url\":\"https:\/\/www.tennis-ids.com\/saison-estivale-2025\/\",\"name\":\"Saison estivale 2025 - Club de Tennis Ile des Soeurs\",\"isPartOf\":{\"@id\":\"https:\/\/www.tennis-ids.com\/#website\"},\"primaryImageOfPage\":{\"@id\":\"https:\/\/www.tennis-ids.com\/saison-estivale-2025\/#primaryimage\"},\"image\":{\"@id\":\"https:\/\/www.tennis-ids.com\/saison-estivale-2025\/#primaryimage\"},\"thumbnailUrl\":\"https:\/\/www.tennis-ids.com\/wp-content\/uploads\/2024\/10\/8M9A1433-scaled.jpg\",\"datePublished\":\"2025-04-16T17:37:21+00:00\",\"breadcrumb\":{\"@id\":\"https:\/\/www.tennis-ids.com\/saison-estivale-2025\/#breadcrumb\"},\"inLanguage\":\"en-CA\",\"potentialAction\":[{\"@type\":\"ReadAction\",\"target\":[\"https:\/\/www.tennis-ids.com\/saison-estivale-2025\/\"]}]},{\"@type\":\"ImageObject\",\"inLanguage\":\"en-CA\",\"@id\":\"https:\/\/www.tennis-ids.com\/saison-estivale-2025\/#primaryimage\",\"url\":\"https:\/\/www.tennis-ids.com\/wp-content\/uploads\/2024\/10\/8M9A1433-scaled.jpg\",\"contentUrl\":\"https:\/\/www.tennis-ids.com\/wp-content\/uploads\/2024\/10\/8M9A1433-scaled.jpg\",\"width\":2560,\"height\":1707},{\"@type\":\"BreadcrumbList\",\"@id\":\"https:\/\/www.tennis-ids.com\/saison-estivale-2025\/#breadcrumb\",\"itemListElement\":[{\"@type\":\"ListItem\",\"position\":1,\"name\":\"Home\",\"item\":\"https:\/\/www.tennis-ids.com\/\"},{\"@type\":\"ListItem\",\"position\":2,\"name\":\"Saison estivale 2025\"}]},{\"@type\":\"WebSite\",\"@id\":\"https:\/\/www.tennis-ids.com\/#website\",\"url\":\"https:\/\/www.tennis-ids.com\/\",\"name\":\"Club de Tennis Ile des Soeurs\",\"description\":\"\u00ceLE DES SOEURS\",\"publisher\":{\"@id\":\"https:\/\/www.tennis-ids.com\/#organization\"},\"potentialAction\":[{\"@type\":\"SearchAction\",\"target\":{\"@type\":\"EntryPoint\",\"urlTemplate\":\"https:\/\/www.tennis-ids.com\/?s={search_term_string}\"},\"query-input\":{\"@type\":\"PropertyValueSpecification\",\"valueRequired\":true,\"valueName\":\"search_term_string\"}}],\"inLanguage\":\"en-CA\"},{\"@type\":\"Organization\",\"@id\":\"https:\/\/www.tennis-ids.com\/#organization\",\"name\":\"Club de Tennis Ile des Soeurs\",\"url\":\"https:\/\/www.tennis-ids.com\/\",\"logo\":{\"@type\":\"ImageObject\",\"inLanguage\":\"en-CA\",\"@id\":\"https:\/\/www.tennis-ids.com\/#\/schema\/logo\/image\/\",\"url\":\"https:\/\/www.tennis-ids.com\/wp-content\/uploads\/2020\/10\/cropped-logo-tennis-1.png\",\"contentUrl\":\"https:\/\/www.tennis-ids.com\/wp-content\/uploads\/2020\/10\/cropped-logo-tennis-1.png\",\"width\":512,\"height\":512,\"caption\":\"Club de Tennis Ile des Soeurs\"},\"image\":{\"@id\":\"https:\/\/www.tennis-ids.com\/#\/schema\/logo\/image\/\"},\"sameAs\":[\"https:\/\/www.facebook.com\/tennis.ids\/\",\"https:\/\/www.instagram.com\/tennisids\/?hl=fr\"]},{\"@type\":\"Person\",\"@id\":\"https:\/\/www.tennis-ids.com\/#\/schema\/person\/ff71ae2f2cb19d7f0e3a02cf2af4c3e4\",\"name\":\"Francis Nantel-Chaput\",\"image\":{\"@type\":\"ImageObject\",\"inLanguage\":\"en-CA\",\"@id\":\"https:\/\/www.tennis-ids.com\/#\/schema\/person\/image\/\",\"url\":\"https:\/\/secure.gravatar.com\/avatar\/76be8c02b3e9badd1ee3d99ec324f0eec20b6534cbf31852f60e1b2fc44986fa?s=96&d=mm&r=g\",\"contentUrl\":\"https:\/\/secure.gravatar.com\/avatar\/76be8c02b3e9badd1ee3d99ec324f0eec20b6534cbf31852f60e1b2fc44986fa?s=96&d=mm&r=g\",\"caption\":\"Francis Nantel-Chaput\"},\"url\":\"https:\/\/www.tennis-ids.com\/en\/author\/francis\/\"}]}<\/script>\n<!-- \/ Yoast SEO plugin. -->","yoast_head_json":{"title":"Saison estivale 2025 - Club de Tennis Ile des Soeurs","robots":{"index":"index","follow":"follow","max-snippet":"max-snippet:-1","max-image-preview":"max-image-preview:large","max-video-preview":"max-video-preview:-1"},"canonical":"https:\/\/www.tennis-ids.com\/en\/saison-estivale-2025\/","og_locale":"en_US","og_type":"article","og_title":"Saison estivale 2025 - Club de Tennis Ile des Soeurs","og_description":"**English will follow** SAISON ESTIVALE &#8211; DU 1er JUIN AU 31 AO\u00dbT 2025 Toujours des conditions optimales avec l\u2019air conditionn\u00e9sur tous les terrains et dans le Gym Espace Forme! ABONNEMENTS \u00c0 partir du 1er juin 2025, tous les types d&rsquo;abonnements seront honor\u00e9s en tout temps jusqu\u2019au 31 ao\u00fbt 2025 inclus. HEURES D&rsquo;OUVERTURE Du 1er juin [&hellip;]","og_url":"https:\/\/www.tennis-ids.com\/en\/saison-estivale-2025\/","og_site_name":"Club de Tennis Ile des Soeurs","article_publisher":"https:\/\/www.facebook.com\/tennis.ids\/","article_published_time":"2025-04-16T17:37:21+00:00","og_image":[{"width":2560,"height":1707,"url":"https:\/\/www.tennis-ids.com\/wp-content\/uploads\/2024\/10\/8M9A1433-scaled.jpg","type":"image\/jpeg"}],"author":"Francis Nantel-Chaput","twitter_card":"summary_large_image","twitter_misc":{"Written by":"Francis Nantel-Chaput","Est. reading time":"4 minutes"},"schema":{"@context":"https:\/\/schema.org","@graph":[{"@type":"Article","@id":"https:\/\/www.tennis-ids.com\/saison-estivale-2025\/#article","isPartOf":{"@id":"https:\/\/www.tennis-ids.com\/saison-estivale-2025\/"},"author":{"name":"Francis Nantel-Chaput","@id":"https:\/\/www.tennis-ids.com\/#\/schema\/person\/ff71ae2f2cb19d7f0e3a02cf2af4c3e4"},"headline":"Saison estivale 2025","datePublished":"2025-04-16T17:37:21+00:00","mainEntityOfPage":{"@id":"https:\/\/www.tennis-ids.com\/saison-estivale-2025\/"},"wordCount":884,"publisher":{"@id":"https:\/\/www.tennis-ids.com\/#organization"},"image":{"@id":"https:\/\/www.tennis-ids.com\/saison-estivale-2025\/#primaryimage"},"thumbnailUrl":"https:\/\/www.tennis-ids.com\/wp-content\/uploads\/2024\/10\/8M9A1433-scaled.jpg","articleSection":["Adulte","G\u00e9n\u00e9ral","Gym","Junior"],"inLanguage":"en-CA"},{"@type":"WebPage","@id":"https:\/\/www.tennis-ids.com\/saison-estivale-2025\/","url":"https:\/\/www.tennis-ids.com\/saison-estivale-2025\/","name":"Saison estivale 2025 - Club de Tennis Ile des Soeurs","isPartOf":{"@id":"https:\/\/www.tennis-ids.com\/#website"},"primaryImageOfPage":{"@id":"https:\/\/www.tennis-ids.com\/saison-estivale-2025\/#primaryimage"},"image":{"@id":"https:\/\/www.tennis-ids.com\/saison-estivale-2025\/#primaryimage"},"thumbnailUrl":"https:\/\/www.tennis-ids.com\/wp-content\/uploads\/2024\/10\/8M9A1433-scaled.jpg","datePublished":"2025-04-16T17:37:21+00:00","breadcrumb":{"@id":"https:\/\/www.tennis-ids.com\/saison-estivale-2025\/#breadcrumb"},"inLanguage":"en-CA","potentialAction":[{"@type":"ReadAction","target":["https:\/\/www.tennis-ids.com\/saison-estivale-2025\/"]}]},{"@type":"ImageObject","inLanguage":"en-CA","@id":"https:\/\/www.tennis-ids.com\/saison-estivale-2025\/#primaryimage","url":"https:\/\/www.tennis-ids.com\/wp-content\/uploads\/2024\/10\/8M9A1433-scaled.jpg","contentUrl":"https:\/\/www.tennis-ids.com\/wp-content\/uploads\/2024\/10\/8M9A1433-scaled.jpg","width":2560,"height":1707},{"@type":"BreadcrumbList","@id":"https:\/\/www.tennis-ids.com\/saison-estivale-2025\/#breadcrumb","itemListElement":[{"@type":"ListItem","position":1,"name":"Home","item":"https:\/\/www.tennis-ids.com\/"},{"@type":"ListItem","position":2,"name":"Saison estivale 2025"}]},{"@type":"WebSite","@id":"https:\/\/www.tennis-ids.com\/#website","url":"https:\/\/www.tennis-ids.com\/","name":"Club de Tennis Ile des Soeurs","description":"\u00ceLE DES SOEURS","publisher":{"@id":"https:\/\/www.tennis-ids.com\/#organization"},"potentialAction":[{"@type":"SearchAction","target":{"@type":"EntryPoint","urlTemplate":"https:\/\/www.tennis-ids.com\/?s={search_term_string}"},"query-input":{"@type":"PropertyValueSpecification","valueRequired":true,"valueName":"search_term_string"}}],"inLanguage":"en-CA"},{"@type":"Organization","@id":"https:\/\/www.tennis-ids.com\/#organization","name":"Club de Tennis Ile des Soeurs","url":"https:\/\/www.tennis-ids.com\/","logo":{"@type":"ImageObject","inLanguage":"en-CA","@id":"https:\/\/www.tennis-ids.com\/#\/schema\/logo\/image\/","url":"https:\/\/www.tennis-ids.com\/wp-content\/uploads\/2020\/10\/cropped-logo-tennis-1.png","contentUrl":"https:\/\/www.tennis-ids.com\/wp-content\/uploads\/2020\/10\/cropped-logo-tennis-1.png","width":512,"height":512,"caption":"Club de Tennis Ile des Soeurs"},"image":{"@id":"https:\/\/www.tennis-ids.com\/#\/schema\/logo\/image\/"},"sameAs":["https:\/\/www.facebook.com\/tennis.ids\/","https:\/\/www.instagram.com\/tennisids\/?hl=fr"]},{"@type":"Person","@id":"https:\/\/www.tennis-ids.com\/#\/schema\/person\/ff71ae2f2cb19d7f0e3a02cf2af4c3e4","name":"Francis Nantel-Chaput","image":{"@type":"ImageObject","inLanguage":"en-CA","@id":"https:\/\/www.tennis-ids.com\/#\/schema\/person\/image\/","url":"https:\/\/secure.gravatar.com\/avatar\/76be8c02b3e9badd1ee3d99ec324f0eec20b6534cbf31852f60e1b2fc44986fa?s=96&d=mm&r=g","contentUrl":"https:\/\/secure.gravatar.com\/avatar\/76be8c02b3e9badd1ee3d99ec324f0eec20b6534cbf31852f60e1b2fc44986fa?s=96&d=mm&r=g","caption":"Francis Nantel-Chaput"},"url":"https:\/\/www.tennis-ids.com\/en\/author\/francis\/"}]}},"_links":{"self":[{"href":"https:\/\/www.tennis-ids.com\/en\/wp-json\/wp\/v2\/posts\/9211","targetHints":{"allow":["GET"]}}],"collection":[{"href":"https:\/\/www.tennis-ids.com\/en\/wp-json\/wp\/v2\/posts"}],"about":[{"href":"https:\/\/www.tennis-ids.com\/en\/wp-json\/wp\/v2\/types\/post"}],"author":[{"embeddable":true,"href":"https:\/\/www.tennis-ids.com\/en\/wp-json\/wp\/v2\/users\/2"}],"replies":[{"embeddable":true,"href":"https:\/\/www.tennis-ids.com\/en\/wp-json\/wp\/v2\/comments?post=9211"}],"version-history":[{"count":4,"href":"https:\/\/www.tennis-ids.com\/en\/wp-json\/wp\/v2\/posts\/9211\/revisions"}],"predecessor-version":[{"id":9215,"href":"https:\/\/www.tennis-ids.com\/en\/wp-json\/wp\/v2\/posts\/9211\/revisions\/9215"}],"wp:featuredmedia":[{"embeddable":true,"href":"https:\/\/www.tennis-ids.com\/en\/wp-json\/wp\/v2\/media\/8800"}],"wp:attachment":[{"href":"https:\/\/www.tennis-ids.com\/en\/wp-json\/wp\/v2\/media?parent=9211"}],"wp:term":[{"taxonomy":"category","embeddable":true,"href":"https:\/\/www.tennis-ids.com\/en\/wp-json\/wp\/v2\/categories?post=9211"},{"taxonomy":"post_tag","embeddable":true,"href":"https:\/\/www.tennis-ids.com\/en\/wp-json\/wp\/v2\/tags?post=9211"}],"curies":[{"name":"wp","href":"https:\/\/api.w.org\/{rel}","templated":true}]}}