{"id":8336,"date":"2024-06-19T14:14:41","date_gmt":"2024-06-19T14:14:41","guid":{"rendered":"https:\/\/www.tennis-ids.com\/?p=8336"},"modified":"2024-07-22T15:21:12","modified_gmt":"2024-07-22T15:21:12","slug":"nomination-dandreanne-martin-a-titre-de-directrice-generale","status":"publish","type":"post","link":"https:\/\/www.tennis-ids.com\/en\/nomination-dandreanne-martin-a-titre-de-directrice-generale\/","title":{"rendered":"Nomination d&rsquo;Andr\u00e9anne Martin \u00e0 titre de Directrice G\u00e9n\u00e9rale"},"content":{"rendered":"<div data-elementor-type=\"wp-post\" data-elementor-id=\"8336\" class=\"elementor elementor-8336\">\n\t\t\t\t\t\t<section class=\"elementor-section elementor-top-section elementor-element elementor-element-ae30ec7 elementor-section-boxed elementor-section-height-default elementor-section-height-default\" data-id=\"ae30ec7\" data-element_type=\"section\" data-e-type=\"section\">\n\t\t\t\t\t\t<div class=\"elementor-container elementor-column-gap-default\">\n\t\t\t\t\t<div class=\"elementor-column elementor-col-100 elementor-top-column elementor-element elementor-element-ecb3dcd\" data-id=\"ecb3dcd\" data-element_type=\"column\" data-e-type=\"column\">\n\t\t\t<div class=\"elementor-widget-wrap elementor-element-populated\">\n\t\t\t\t\t\t<div class=\"elementor-element elementor-element-068830e elementor-widget elementor-widget-text-editor\" data-id=\"068830e\" data-element_type=\"widget\" data-e-type=\"widget\" data-widget_type=\"text-editor.default\">\n\t\t\t\t<div class=\"elementor-widget-container\">\n\t\t\t\t\t\t\t\t\t<div class=\"sek-module\" title=\"\" data-sek-level=\"module\" data-sek-id=\"__nimble__363be79f5b04\" data-sek-module-type=\"czr_tiny_mce_editor_module\"><div class=\"sek-module-inner\"><p>C\u2019est avec un immense plaisir que nous vous annon\u00e7ons la nomination d\u2019Andr\u00e9anne Martin comme Directrice G\u00e9n\u00e9rale du Club de tennis \u00cele des S\u0153urs \u00e0 partir du 8 juillet 2024.<\/p><p>Plusieurs d\u2019entre vous connaissent ou ont c\u00f4toy\u00e9 Andr\u00e9anne pour avoir \u00e9t\u00e9 \u00e0 l\u2019emploi de notre Club pendant 15 ans, comme enseignante, responsable des interclubs f\u00e9minins et joueuse interclub niveau1, ou lors d\u2019autres circonstances en lien avec le tennis.<\/p><p>Andr\u00e9anne quittera ses fonctions de Directrice G\u00e9n\u00e9rale de Tennis Qu\u00e9bec, poste qu\u2019elle occupe depuis pr\u00e8s de 3 ans, apr\u00e8s avoir occup\u00e9 les postes de Directrice adjointe et Directrice du d\u00e9veloppement r\u00e9gional et technique.<\/p><p>Certifi\u00e9e Professionnel de Club 2 et Entra\u00eeneur niveau 3 de Tennis Canada, et responsable du d\u00e9veloppement des entra\u00eeneurs-formateur responsables du d\u00e9veloppement des entraineurs de l\u2019Association canadienne des entraineurs, le Club pourra certainement b\u00e9n\u00e9ficier de ses nombreuses exp\u00e9riences et qualifications.<\/p><p>Elle va succ\u00e9der \u00e0 M. Harry Plafter, Directeur G\u00e9n\u00e9ral depuis ces 8 derni\u00e8res ann\u00e9es et co-propri\u00e9taire du Club, qui a d\u00e9cid\u00e9 de prendre une retraite bien m\u00e9rit\u00e9e! Ce dernier assurera n\u00e9anmoins la transition pour les mois \u00e0 venir.<\/p><p>Merci Harry pour toutes ces ann\u00e9es et bienvenue Andr\u00e9anne!<\/p><\/div><\/div>\t\t\t\t\t\t\t\t<\/div>\n\t\t\t\t<\/div>\n\t\t\t\t\t<\/div>\n\t\t<\/div>\n\t\t\t\t\t<\/div>\n\t\t<\/section>\n\t\t\t\t<section class=\"elementor-section elementor-top-section elementor-element elementor-element-2e245a2 elementor-section-boxed elementor-section-height-default elementor-section-height-default\" data-id=\"2e245a2\" data-element_type=\"section\" data-e-type=\"section\">\n\t\t\t\t\t\t<div class=\"elementor-container elementor-column-gap-default\">\n\t\t\t\t\t<div class=\"elementor-column elementor-col-100 elementor-top-column elementor-element elementor-element-da1ba0f\" data-id=\"da1ba0f\" data-element_type=\"column\" data-e-type=\"column\">\n\t\t\t<div class=\"elementor-widget-wrap elementor-element-populated\">\n\t\t\t\t\t\t<div class=\"elementor-element elementor-element-7dee298 elementor-widget-divider--view-line elementor-widget elementor-widget-divider\" data-id=\"7dee298\" data-element_type=\"widget\" data-e-type=\"widget\" data-widget_type=\"divider.default\">\n\t\t\t\t<div class=\"elementor-widget-container\">\n\t\t\t\t\t\t\t<div class=\"elementor-divider\">\n\t\t\t<span class=\"elementor-divider-separator\">\n\t\t\t\t\t\t<\/span>\n\t\t<\/div>\n\t\t\t\t\t\t<\/div>\n\t\t\t\t<\/div>\n\t\t\t\t\t<\/div>\n\t\t<\/div>\n\t\t\t\t\t<\/div>\n\t\t<\/section>\n\t\t\t\t<section class=\"elementor-section elementor-top-section elementor-element elementor-element-3fa3a54 elementor-section-boxed elementor-section-height-default elementor-section-height-default\" data-id=\"3fa3a54\" data-element_type=\"section\" data-e-type=\"section\">\n\t\t\t\t\t\t<div class=\"elementor-container elementor-column-gap-default\">\n\t\t\t\t\t<div class=\"elementor-column elementor-col-100 elementor-top-column elementor-element elementor-element-2742be3\" data-id=\"2742be3\" data-element_type=\"column\" data-e-type=\"column\">\n\t\t\t<div class=\"elementor-widget-wrap elementor-element-populated\">\n\t\t\t\t\t\t<div class=\"elementor-element elementor-element-8c94742 elementor-widget elementor-widget-text-editor\" data-id=\"8c94742\" data-element_type=\"widget\" data-e-type=\"widget\" data-widget_type=\"text-editor.default\">\n\t\t\t\t<div class=\"elementor-widget-container\">\n\t\t\t\t\t\t\t\t\t<p>It is with great pleasure that we announce the appointment of Andr\u00e9anne Martin as General Manager of Club de tennis \u00cele des S\u0153urs, effective July 8, 2024.<\/p><p>Many of you have known Andr\u00e9anne through her 15 years of service at our Club, as a coach, head of women&rsquo;s interclub, and level 1 interclub player, or through other tennis-related circumstances.<\/p><p>Andr\u00e9anne will be stepping down as General Manager of Tennis Qu\u00e9bec, a position she has held for nearly 3 years, after holding the positions of Assistant Manager and Director of Regional and Technical Development.<\/p><p>Certified as a Club Professional 2 and Coach Level 3 from Tennis Canada, and responsible for coach development with the Coaching Association of Canada, the Club will certainly benefit from her extensive experience and qualifications.<\/p><p>She will succeed to Mr. Harry Plafter, General Manager for the past 8 years and co-owner of the Club, who has decided to take a well-deserved retirement! He will nevertheless ensure the transition over the coming months.<\/p><p>Thank you Harry for all these years and welcome Andr\u00e9anne!<\/p>\t\t\t\t\t\t\t\t<\/div>\n\t\t\t\t<\/div>\n\t\t\t\t\t<\/div>\n\t\t<\/div>\n\t\t\t\t\t<\/div>\n\t\t<\/section>\n\t\t\t\t<\/div>","protected":false},"excerpt":{"rendered":"<p>C\u2019est avec un immense plaisir que nous vous annon\u00e7ons la nomination d\u2019Andr\u00e9anne Martin comme Directrice G\u00e9n\u00e9rale du Club de tennis \u00cele des S\u0153urs \u00e0 partir du 8 juillet 2024. Plusieurs d\u2019entre vous connaissent ou ont c\u00f4toy\u00e9 Andr\u00e9anne pour avoir \u00e9t\u00e9 \u00e0 l\u2019emploi de notre Club pendant 15 ans, comme enseignante, responsable des interclubs f\u00e9minins et [&hellip;]<\/p>\n","protected":false},"author":2,"featured_media":8338,"comment_status":"closed","ping_status":"closed","sticky":false,"template":"post-templates\/single-layout-6.php","format":"standard","meta":{"footnotes":""},"categories":[1],"tags":[],"class_list":["post-8336","post","type-post","status-publish","format-standard","has-post-thumbnail","hentry","category-general"],"yoast_head":"<!-- This site is optimized with the Yoast SEO plugin v27.0 - https:\/\/yoast.com\/product\/yoast-seo-wordpress\/ -->\n<title>Nomination d&#039;Andr\u00e9anne Martin \u00e0 titre de Directrice G\u00e9n\u00e9rale - Club de Tennis Ile des Soeurs<\/title>\n<meta name=\"robots\" content=\"index, follow, max-snippet:-1, max-image-preview:large, max-video-preview:-1\" \/>\n<link rel=\"canonical\" href=\"https:\/\/www.tennis-ids.com\/en\/nomination-dandreanne-martin-a-titre-de-directrice-generale\/\" \/>\n<meta property=\"og:locale\" content=\"en_US\" \/>\n<meta property=\"og:type\" content=\"article\" \/>\n<meta property=\"og:title\" content=\"Nomination d&#039;Andr\u00e9anne Martin \u00e0 titre de Directrice G\u00e9n\u00e9rale - Club de Tennis Ile des Soeurs\" \/>\n<meta property=\"og:description\" content=\"C\u2019est avec un immense plaisir que nous vous annon\u00e7ons la nomination d\u2019Andr\u00e9anne Martin comme Directrice G\u00e9n\u00e9rale du Club de tennis \u00cele des S\u0153urs \u00e0 partir du 8 juillet 2024. Plusieurs d\u2019entre vous connaissent ou ont c\u00f4toy\u00e9 Andr\u00e9anne pour avoir \u00e9t\u00e9 \u00e0 l\u2019emploi de notre Club pendant 15 ans, comme enseignante, responsable des interclubs f\u00e9minins et [&hellip;]\" \/>\n<meta property=\"og:url\" content=\"https:\/\/www.tennis-ids.com\/en\/nomination-dandreanne-martin-a-titre-de-directrice-generale\/\" \/>\n<meta property=\"og:site_name\" content=\"Club de Tennis Ile des Soeurs\" \/>\n<meta property=\"article:publisher\" content=\"https:\/\/www.facebook.com\/tennis.ids\/\" \/>\n<meta property=\"article:published_time\" content=\"2024-06-19T14:14:41+00:00\" \/>\n<meta property=\"article:modified_time\" content=\"2024-07-22T15:21:12+00:00\" \/>\n<meta property=\"og:image\" content=\"https:\/\/www.tennis-ids.com\/wp-content\/uploads\/2024\/06\/AndreanneMartin.jpg\" \/>\n\t<meta property=\"og:image:width\" content=\"800\" \/>\n\t<meta property=\"og:image:height\" content=\"533\" \/>\n\t<meta property=\"og:image:type\" content=\"image\/jpeg\" \/>\n<meta name=\"author\" content=\"Francis Nantel-Chaput\" \/>\n<meta name=\"twitter:card\" content=\"summary_large_image\" \/>\n<meta name=\"twitter:label1\" content=\"Written by\" \/>\n\t<meta name=\"twitter:data1\" content=\"Francis Nantel-Chaput\" \/>\n\t<meta name=\"twitter:label2\" content=\"Est. reading time\" \/>\n\t<meta name=\"twitter:data2\" content=\"2 minutes\" \/>\n<script type=\"application\/ld+json\" class=\"yoast-schema-graph\">{\"@context\":\"https:\/\/schema.org\",\"@graph\":[{\"@type\":\"Article\",\"@id\":\"https:\/\/www.tennis-ids.com\/nomination-dandreanne-martin-a-titre-de-directrice-generale\/#article\",\"isPartOf\":{\"@id\":\"https:\/\/www.tennis-ids.com\/nomination-dandreanne-martin-a-titre-de-directrice-generale\/\"},\"author\":{\"name\":\"Francis Nantel-Chaput\",\"@id\":\"https:\/\/www.tennis-ids.com\/#\/schema\/person\/ff71ae2f2cb19d7f0e3a02cf2af4c3e4\"},\"headline\":\"Nomination d&rsquo;Andr\u00e9anne Martin \u00e0 titre de Directrice G\u00e9n\u00e9rale\",\"datePublished\":\"2024-06-19T14:14:41+00:00\",\"dateModified\":\"2024-07-22T15:21:12+00:00\",\"mainEntityOfPage\":{\"@id\":\"https:\/\/www.tennis-ids.com\/nomination-dandreanne-martin-a-titre-de-directrice-generale\/\"},\"wordCount\":401,\"publisher\":{\"@id\":\"https:\/\/www.tennis-ids.com\/#organization\"},\"image\":{\"@id\":\"https:\/\/www.tennis-ids.com\/nomination-dandreanne-martin-a-titre-de-directrice-generale\/#primaryimage\"},\"thumbnailUrl\":\"https:\/\/www.tennis-ids.com\/wp-content\/uploads\/2024\/06\/AndreanneMartin.jpg\",\"articleSection\":[\"G\u00e9n\u00e9ral\"],\"inLanguage\":\"en-CA\"},{\"@type\":\"WebPage\",\"@id\":\"https:\/\/www.tennis-ids.com\/nomination-dandreanne-martin-a-titre-de-directrice-generale\/\",\"url\":\"https:\/\/www.tennis-ids.com\/nomination-dandreanne-martin-a-titre-de-directrice-generale\/\",\"name\":\"Nomination d'Andr\u00e9anne Martin \u00e0 titre de Directrice G\u00e9n\u00e9rale - Club de Tennis Ile des Soeurs\",\"isPartOf\":{\"@id\":\"https:\/\/www.tennis-ids.com\/#website\"},\"primaryImageOfPage\":{\"@id\":\"https:\/\/www.tennis-ids.com\/nomination-dandreanne-martin-a-titre-de-directrice-generale\/#primaryimage\"},\"image\":{\"@id\":\"https:\/\/www.tennis-ids.com\/nomination-dandreanne-martin-a-titre-de-directrice-generale\/#primaryimage\"},\"thumbnailUrl\":\"https:\/\/www.tennis-ids.com\/wp-content\/uploads\/2024\/06\/AndreanneMartin.jpg\",\"datePublished\":\"2024-06-19T14:14:41+00:00\",\"dateModified\":\"2024-07-22T15:21:12+00:00\",\"breadcrumb\":{\"@id\":\"https:\/\/www.tennis-ids.com\/nomination-dandreanne-martin-a-titre-de-directrice-generale\/#breadcrumb\"},\"inLanguage\":\"en-CA\",\"potentialAction\":[{\"@type\":\"ReadAction\",\"target\":[\"https:\/\/www.tennis-ids.com\/nomination-dandreanne-martin-a-titre-de-directrice-generale\/\"]}]},{\"@type\":\"ImageObject\",\"inLanguage\":\"en-CA\",\"@id\":\"https:\/\/www.tennis-ids.com\/nomination-dandreanne-martin-a-titre-de-directrice-generale\/#primaryimage\",\"url\":\"https:\/\/www.tennis-ids.com\/wp-content\/uploads\/2024\/06\/AndreanneMartin.jpg\",\"contentUrl\":\"https:\/\/www.tennis-ids.com\/wp-content\/uploads\/2024\/06\/AndreanneMartin.jpg\",\"width\":800,\"height\":533},{\"@type\":\"BreadcrumbList\",\"@id\":\"https:\/\/www.tennis-ids.com\/nomination-dandreanne-martin-a-titre-de-directrice-generale\/#breadcrumb\",\"itemListElement\":[{\"@type\":\"ListItem\",\"position\":1,\"name\":\"Home\",\"item\":\"https:\/\/www.tennis-ids.com\/\"},{\"@type\":\"ListItem\",\"position\":2,\"name\":\"Nomination d&#8217;Andr\u00e9anne Martin \u00e0 titre de Directrice G\u00e9n\u00e9rale\"}]},{\"@type\":\"WebSite\",\"@id\":\"https:\/\/www.tennis-ids.com\/#website\",\"url\":\"https:\/\/www.tennis-ids.com\/\",\"name\":\"Club de Tennis Ile des Soeurs\",\"description\":\"\u00ceLE DES SOEURS\",\"publisher\":{\"@id\":\"https:\/\/www.tennis-ids.com\/#organization\"},\"potentialAction\":[{\"@type\":\"SearchAction\",\"target\":{\"@type\":\"EntryPoint\",\"urlTemplate\":\"https:\/\/www.tennis-ids.com\/?s={search_term_string}\"},\"query-input\":{\"@type\":\"PropertyValueSpecification\",\"valueRequired\":true,\"valueName\":\"search_term_string\"}}],\"inLanguage\":\"en-CA\"},{\"@type\":\"Organization\",\"@id\":\"https:\/\/www.tennis-ids.com\/#organization\",\"name\":\"Club de Tennis Ile des Soeurs\",\"url\":\"https:\/\/www.tennis-ids.com\/\",\"logo\":{\"@type\":\"ImageObject\",\"inLanguage\":\"en-CA\",\"@id\":\"https:\/\/www.tennis-ids.com\/#\/schema\/logo\/image\/\",\"url\":\"https:\/\/www.tennis-ids.com\/wp-content\/uploads\/2020\/10\/cropped-logo-tennis-1.png\",\"contentUrl\":\"https:\/\/www.tennis-ids.com\/wp-content\/uploads\/2020\/10\/cropped-logo-tennis-1.png\",\"width\":512,\"height\":512,\"caption\":\"Club de Tennis Ile des Soeurs\"},\"image\":{\"@id\":\"https:\/\/www.tennis-ids.com\/#\/schema\/logo\/image\/\"},\"sameAs\":[\"https:\/\/www.facebook.com\/tennis.ids\/\",\"https:\/\/www.instagram.com\/tennisids\/?hl=fr\"]},{\"@type\":\"Person\",\"@id\":\"https:\/\/www.tennis-ids.com\/#\/schema\/person\/ff71ae2f2cb19d7f0e3a02cf2af4c3e4\",\"name\":\"Francis Nantel-Chaput\",\"image\":{\"@type\":\"ImageObject\",\"inLanguage\":\"en-CA\",\"@id\":\"https:\/\/www.tennis-ids.com\/#\/schema\/person\/image\/\",\"url\":\"https:\/\/secure.gravatar.com\/avatar\/76be8c02b3e9badd1ee3d99ec324f0eec20b6534cbf31852f60e1b2fc44986fa?s=96&d=mm&r=g\",\"contentUrl\":\"https:\/\/secure.gravatar.com\/avatar\/76be8c02b3e9badd1ee3d99ec324f0eec20b6534cbf31852f60e1b2fc44986fa?s=96&d=mm&r=g\",\"caption\":\"Francis Nantel-Chaput\"},\"url\":\"https:\/\/www.tennis-ids.com\/en\/author\/francis\/\"}]}<\/script>\n<!-- \/ Yoast SEO plugin. -->","yoast_head_json":{"title":"Nomination d'Andr\u00e9anne Martin \u00e0 titre de Directrice G\u00e9n\u00e9rale - Club de Tennis Ile des Soeurs","robots":{"index":"index","follow":"follow","max-snippet":"max-snippet:-1","max-image-preview":"max-image-preview:large","max-video-preview":"max-video-preview:-1"},"canonical":"https:\/\/www.tennis-ids.com\/en\/nomination-dandreanne-martin-a-titre-de-directrice-generale\/","og_locale":"en_US","og_type":"article","og_title":"Nomination d'Andr\u00e9anne Martin \u00e0 titre de Directrice G\u00e9n\u00e9rale - Club de Tennis Ile des Soeurs","og_description":"C\u2019est avec un immense plaisir que nous vous annon\u00e7ons la nomination d\u2019Andr\u00e9anne Martin comme Directrice G\u00e9n\u00e9rale du Club de tennis \u00cele des S\u0153urs \u00e0 partir du 8 juillet 2024. Plusieurs d\u2019entre vous connaissent ou ont c\u00f4toy\u00e9 Andr\u00e9anne pour avoir \u00e9t\u00e9 \u00e0 l\u2019emploi de notre Club pendant 15 ans, comme enseignante, responsable des interclubs f\u00e9minins et [&hellip;]","og_url":"https:\/\/www.tennis-ids.com\/en\/nomination-dandreanne-martin-a-titre-de-directrice-generale\/","og_site_name":"Club de Tennis Ile des Soeurs","article_publisher":"https:\/\/www.facebook.com\/tennis.ids\/","article_published_time":"2024-06-19T14:14:41+00:00","article_modified_time":"2024-07-22T15:21:12+00:00","og_image":[{"width":800,"height":533,"url":"https:\/\/www.tennis-ids.com\/wp-content\/uploads\/2024\/06\/AndreanneMartin.jpg","type":"image\/jpeg"}],"author":"Francis Nantel-Chaput","twitter_card":"summary_large_image","twitter_misc":{"Written by":"Francis Nantel-Chaput","Est. reading time":"2 minutes"},"schema":{"@context":"https:\/\/schema.org","@graph":[{"@type":"Article","@id":"https:\/\/www.tennis-ids.com\/nomination-dandreanne-martin-a-titre-de-directrice-generale\/#article","isPartOf":{"@id":"https:\/\/www.tennis-ids.com\/nomination-dandreanne-martin-a-titre-de-directrice-generale\/"},"author":{"name":"Francis Nantel-Chaput","@id":"https:\/\/www.tennis-ids.com\/#\/schema\/person\/ff71ae2f2cb19d7f0e3a02cf2af4c3e4"},"headline":"Nomination d&rsquo;Andr\u00e9anne Martin \u00e0 titre de Directrice G\u00e9n\u00e9rale","datePublished":"2024-06-19T14:14:41+00:00","dateModified":"2024-07-22T15:21:12+00:00","mainEntityOfPage":{"@id":"https:\/\/www.tennis-ids.com\/nomination-dandreanne-martin-a-titre-de-directrice-generale\/"},"wordCount":401,"publisher":{"@id":"https:\/\/www.tennis-ids.com\/#organization"},"image":{"@id":"https:\/\/www.tennis-ids.com\/nomination-dandreanne-martin-a-titre-de-directrice-generale\/#primaryimage"},"thumbnailUrl":"https:\/\/www.tennis-ids.com\/wp-content\/uploads\/2024\/06\/AndreanneMartin.jpg","articleSection":["G\u00e9n\u00e9ral"],"inLanguage":"en-CA"},{"@type":"WebPage","@id":"https:\/\/www.tennis-ids.com\/nomination-dandreanne-martin-a-titre-de-directrice-generale\/","url":"https:\/\/www.tennis-ids.com\/nomination-dandreanne-martin-a-titre-de-directrice-generale\/","name":"Nomination d'Andr\u00e9anne Martin \u00e0 titre de Directrice G\u00e9n\u00e9rale - Club de Tennis Ile des Soeurs","isPartOf":{"@id":"https:\/\/www.tennis-ids.com\/#website"},"primaryImageOfPage":{"@id":"https:\/\/www.tennis-ids.com\/nomination-dandreanne-martin-a-titre-de-directrice-generale\/#primaryimage"},"image":{"@id":"https:\/\/www.tennis-ids.com\/nomination-dandreanne-martin-a-titre-de-directrice-generale\/#primaryimage"},"thumbnailUrl":"https:\/\/www.tennis-ids.com\/wp-content\/uploads\/2024\/06\/AndreanneMartin.jpg","datePublished":"2024-06-19T14:14:41+00:00","dateModified":"2024-07-22T15:21:12+00:00","breadcrumb":{"@id":"https:\/\/www.tennis-ids.com\/nomination-dandreanne-martin-a-titre-de-directrice-generale\/#breadcrumb"},"inLanguage":"en-CA","potentialAction":[{"@type":"ReadAction","target":["https:\/\/www.tennis-ids.com\/nomination-dandreanne-martin-a-titre-de-directrice-generale\/"]}]},{"@type":"ImageObject","inLanguage":"en-CA","@id":"https:\/\/www.tennis-ids.com\/nomination-dandreanne-martin-a-titre-de-directrice-generale\/#primaryimage","url":"https:\/\/www.tennis-ids.com\/wp-content\/uploads\/2024\/06\/AndreanneMartin.jpg","contentUrl":"https:\/\/www.tennis-ids.com\/wp-content\/uploads\/2024\/06\/AndreanneMartin.jpg","width":800,"height":533},{"@type":"BreadcrumbList","@id":"https:\/\/www.tennis-ids.com\/nomination-dandreanne-martin-a-titre-de-directrice-generale\/#breadcrumb","itemListElement":[{"@type":"ListItem","position":1,"name":"Home","item":"https:\/\/www.tennis-ids.com\/"},{"@type":"ListItem","position":2,"name":"Nomination d&#8217;Andr\u00e9anne Martin \u00e0 titre de Directrice G\u00e9n\u00e9rale"}]},{"@type":"WebSite","@id":"https:\/\/www.tennis-ids.com\/#website","url":"https:\/\/www.tennis-ids.com\/","name":"Club de Tennis Ile des Soeurs","description":"\u00ceLE DES SOEURS","publisher":{"@id":"https:\/\/www.tennis-ids.com\/#organization"},"potentialAction":[{"@type":"SearchAction","target":{"@type":"EntryPoint","urlTemplate":"https:\/\/www.tennis-ids.com\/?s={search_term_string}"},"query-input":{"@type":"PropertyValueSpecification","valueRequired":true,"valueName":"search_term_string"}}],"inLanguage":"en-CA"},{"@type":"Organization","@id":"https:\/\/www.tennis-ids.com\/#organization","name":"Club de Tennis Ile des Soeurs","url":"https:\/\/www.tennis-ids.com\/","logo":{"@type":"ImageObject","inLanguage":"en-CA","@id":"https:\/\/www.tennis-ids.com\/#\/schema\/logo\/image\/","url":"https:\/\/www.tennis-ids.com\/wp-content\/uploads\/2020\/10\/cropped-logo-tennis-1.png","contentUrl":"https:\/\/www.tennis-ids.com\/wp-content\/uploads\/2020\/10\/cropped-logo-tennis-1.png","width":512,"height":512,"caption":"Club de Tennis Ile des Soeurs"},"image":{"@id":"https:\/\/www.tennis-ids.com\/#\/schema\/logo\/image\/"},"sameAs":["https:\/\/www.facebook.com\/tennis.ids\/","https:\/\/www.instagram.com\/tennisids\/?hl=fr"]},{"@type":"Person","@id":"https:\/\/www.tennis-ids.com\/#\/schema\/person\/ff71ae2f2cb19d7f0e3a02cf2af4c3e4","name":"Francis Nantel-Chaput","image":{"@type":"ImageObject","inLanguage":"en-CA","@id":"https:\/\/www.tennis-ids.com\/#\/schema\/person\/image\/","url":"https:\/\/secure.gravatar.com\/avatar\/76be8c02b3e9badd1ee3d99ec324f0eec20b6534cbf31852f60e1b2fc44986fa?s=96&d=mm&r=g","contentUrl":"https:\/\/secure.gravatar.com\/avatar\/76be8c02b3e9badd1ee3d99ec324f0eec20b6534cbf31852f60e1b2fc44986fa?s=96&d=mm&r=g","caption":"Francis Nantel-Chaput"},"url":"https:\/\/www.tennis-ids.com\/en\/author\/francis\/"}]}},"_links":{"self":[{"href":"https:\/\/www.tennis-ids.com\/en\/wp-json\/wp\/v2\/posts\/8336","targetHints":{"allow":["GET"]}}],"collection":[{"href":"https:\/\/www.tennis-ids.com\/en\/wp-json\/wp\/v2\/posts"}],"about":[{"href":"https:\/\/www.tennis-ids.com\/en\/wp-json\/wp\/v2\/types\/post"}],"author":[{"embeddable":true,"href":"https:\/\/www.tennis-ids.com\/en\/wp-json\/wp\/v2\/users\/2"}],"replies":[{"embeddable":true,"href":"https:\/\/www.tennis-ids.com\/en\/wp-json\/wp\/v2\/comments?post=8336"}],"version-history":[{"count":4,"href":"https:\/\/www.tennis-ids.com\/en\/wp-json\/wp\/v2\/posts\/8336\/revisions"}],"predecessor-version":[{"id":8348,"href":"https:\/\/www.tennis-ids.com\/en\/wp-json\/wp\/v2\/posts\/8336\/revisions\/8348"}],"wp:featuredmedia":[{"embeddable":true,"href":"https:\/\/www.tennis-ids.com\/en\/wp-json\/wp\/v2\/media\/8338"}],"wp:attachment":[{"href":"https:\/\/www.tennis-ids.com\/en\/wp-json\/wp\/v2\/media?parent=8336"}],"wp:term":[{"taxonomy":"category","embeddable":true,"href":"https:\/\/www.tennis-ids.com\/en\/wp-json\/wp\/v2\/categories?post=8336"},{"taxonomy":"post_tag","embeddable":true,"href":"https:\/\/www.tennis-ids.com\/en\/wp-json\/wp\/v2\/tags?post=8336"}],"curies":[{"name":"wp","href":"https:\/\/api.w.org\/{rel}","templated":true}]}}